{"id":1274,"date":"2022-06-05T14:57:28","date_gmt":"2022-06-05T14:57:28","guid":{"rendered":"https:\/\/einheit-berliner-baer.de\/?p=1274"},"modified":"2022-06-05T15:16:52","modified_gmt":"2022-06-05T15:16:52","slug":"fruehjahrsfahrt-der-abt-ski-2022-nach-angermuende","status":"publish","type":"post","link":"https:\/\/einheit-berliner-baer.de\/index.php\/2022\/06\/05\/fruehjahrsfahrt-der-abt-ski-2022-nach-angermuende\/","title":{"rendered":"Fr\u00fchjahrsfahrt der Abt. Ski 2022 nach Angerm\u00fcnde"},"content":{"rendered":"\n<p class=\"wp-block-paragraph\"><\/p>\n\n\n\n<p class=\"wp-block-paragraph\"><\/p>\n\n\n<p><strong>Der Anger am M\u00fcndesee<\/strong><\/p>\n<p>Daraus k\u00f6nnte der Name der Stadt am M\u00fcndesee entstanden sein. Bei unserer diesj\u00e4hrigen Fr\u00fchjahrsfahrt nach Angerm\u00fcnde hatten wir die Gelegenheit uns beides anzusehen: den sch\u00f6n gelegenen M\u00fcndesee und den Anger mit dem Rathaus von frisch renovierten H\u00e4usern umgeben. Die Pflege der Geschichte und der Kultur sind die gegenw\u00e4rtigen Merkmale der Stadt. Die wuchtige, alles \u00fcberragende St. Marien Kirche, das schmucke Rathaus, die Klosterkirche und weitere Bauten zeugen vom damaligen Wohlstand der Ackerb\u00fcrger- und Handwerkerstadt.<\/p>\n<div id=\"attachment_1263\" style=\"width: 310px\" class=\"wp-caption alignnone\"><img loading=\"lazy\" decoding=\"async\" aria-describedby=\"caption-attachment-1263\" class=\"size-medium wp-image-1263\" src=\"https:\/\/einheit-berliner-baer.de\/wp-content\/uploads\/2022\/06\/20220430_100729-scaled-e1654107509116-300x178.jpg\" alt=\"\" width=\"300\" height=\"178\" srcset=\"https:\/\/einheit-berliner-baer.de\/wp-content\/uploads\/2022\/06\/20220430_100729-scaled-e1654107509116-300x178.jpg 300w, https:\/\/einheit-berliner-baer.de\/wp-content\/uploads\/2022\/06\/20220430_100729-scaled-e1654107509116-1024x607.jpg 1024w, https:\/\/einheit-berliner-baer.de\/wp-content\/uploads\/2022\/06\/20220430_100729-scaled-e1654107509116-768x455.jpg 768w, https:\/\/einheit-berliner-baer.de\/wp-content\/uploads\/2022\/06\/20220430_100729-scaled-e1654107509116-1536x910.jpg 1536w, https:\/\/einheit-berliner-baer.de\/wp-content\/uploads\/2022\/06\/20220430_100729-scaled-e1654107509116-2048x1213.jpg 2048w, https:\/\/einheit-berliner-baer.de\/wp-content\/uploads\/2022\/06\/20220430_100729-scaled-e1654107509116-2x1.jpg 2w\" sizes=\"auto, (max-width: 300px) 100vw, 300px\" \/><p id=\"caption-attachment-1263\" class=\"wp-caption-text\">Fr\u00fchjahrsfahrt nach Angerm\u00fcnde<\/p><\/div>\n<p>Aber auch die Umgebung bietet viel Sehenswertes. Zuerst waren wir im Buchenwald Grumsin, einer der wenigen Weltnaturerbe Buchenw\u00e4lder in Deutschland. Auf einem 6 km langen Rundweg sind wir eingetaucht in leuchtendes Gr\u00fcn. Eine kleine St\u00e4rkung gab es dann im Konsum-Kaffee in Wolletz. Bei einem lohnenden Abstecher nach Glambeck gab es zwei interessante Ausstellungen zur Dorfgeschichte zu sehen. Das Dorfmuseum zeigte sehr authentisch den gemeinschaftlichen Aufbau in den schweren Jahren nach den Kriegswirren.<\/p>\n<p>Der n\u00e4chste Tag begann mit einer Stadtf\u00fchrung in Angerm\u00fcnde. Neben der Stadtgeschichte und den historischen Geb\u00e4uden wurde aber auch das Bestreben sichtbar, insbesondere den Stadtkern als Tourismusmagnet zu entwickeln. Der Rundgang endete, leider ohne eine Klangprobe der Wagner-Orgel, in der St. Marien Kirche.<\/p>\n<p>Nachmittags stand Sport auf dem Programm. Das verschlafene Dorf Stolpe hat selbst kein gastronomisches Angebot, aber einen sch\u00f6n gelegenen Park- und Spielplatz in Odern\u00e4he und ist damit ein beliebter Ausgangspunkt f\u00fcr verschiedene Aktivit\u00e4ten. Unsere Gruppe hatte sich geteilt. Der kleinere Teil hat auf Skiroller den Oder-Radweg vermessen, der gr\u00f6\u00dfere machte sich per Fu\u00df auf den Weg den sogenannten Gr\u00fctzpott, die dickste Turmburg Deutschland, zu besteigen. Ein wundersch\u00f6ner Ausblick \u00fcber das Odertal war der Lohn.<\/p>\n<p>Leicht ermattet, aber voller neuer Eindr\u00fccke ging es dann zur\u00fcck ins Hotel nach Angerm\u00fcnde, um den Tag und unsere Fahrt z\u00fcnftig ausklingen zu lassen.<\/p>\n<p>Uwe Ruppin, SG EBB Ski<\/p>","protected":false},"excerpt":{"rendered":"<p>Der Anger am M\u00fcndesee Daraus k\u00f6nnte der Name der Stadt am M\u00fcndesee entstanden sein. Bei unserer diesj\u00e4hrigen Fr\u00fchjahrsfahrt nach Angerm\u00fcnde hatten wir die Gelegenheit uns beides anzusehen: den sch\u00f6n gelegenen M\u00fcndesee und den Anger mit dem Rathaus von frisch renovierten H\u00e4usern umgeben. Die Pflege der Geschichte und der Kultur sind die gegenw\u00e4rtigen Merkmale der Stadt. [&hellip;]<\/p>\n","protected":false},"author":2,"featured_media":0,"comment_status":"closed","ping_status":"closed","sticky":false,"template":"","format":"standard","meta":{"_crdt_document":"","footnotes":""},"categories":[8],"tags":[],"class_list":["post-1274","post","type-post","status-publish","format-standard","hentry","category-news"],"_links":{"self":[{"href":"https:\/\/einheit-berliner-baer.de\/index.php\/wp-json\/wp\/v2\/posts\/1274","targetHints":{"allow":["GET"]}}],"collection":[{"href":"https:\/\/einheit-berliner-baer.de\/index.php\/wp-json\/wp\/v2\/posts"}],"about":[{"href":"https:\/\/einheit-berliner-baer.de\/index.php\/wp-json\/wp\/v2\/types\/post"}],"author":[{"embeddable":true,"href":"https:\/\/einheit-berliner-baer.de\/index.php\/wp-json\/wp\/v2\/users\/2"}],"replies":[{"embeddable":true,"href":"https:\/\/einheit-berliner-baer.de\/index.php\/wp-json\/wp\/v2\/comments?post=1274"}],"version-history":[{"count":4,"href":"https:\/\/einheit-berliner-baer.de\/index.php\/wp-json\/wp\/v2\/posts\/1274\/revisions"}],"predecessor-version":[{"id":1280,"href":"https:\/\/einheit-berliner-baer.de\/index.php\/wp-json\/wp\/v2\/posts\/1274\/revisions\/1280"}],"wp:attachment":[{"href":"https:\/\/einheit-berliner-baer.de\/index.php\/wp-json\/wp\/v2\/media?parent=1274"}],"wp:term":[{"taxonomy":"category","embeddable":true,"href":"https:\/\/einheit-berliner-baer.de\/index.php\/wp-json\/wp\/v2\/categories?post=1274"},{"taxonomy":"post_tag","embeddable":true,"href":"https:\/\/einheit-berliner-baer.de\/index.php\/wp-json\/wp\/v2\/tags?post=1274"}],"curies":[{"name":"wp","href":"https:\/\/api.w.org\/{rel}","templated":true}]}}