{"id":1350,"date":"2022-12-02T19:52:23","date_gmt":"2022-12-02T19:52:23","guid":{"rendered":"https:\/\/einheit-berliner-baer.de\/?p=1350"},"modified":"2023-05-22T19:12:15","modified_gmt":"2023-05-22T19:12:15","slug":"30-jahre-langstrecken-pokalrennen","status":"publish","type":"post","link":"https:\/\/einheit-berliner-baer.de\/index.php\/2022\/12\/02\/30-jahre-langstrecken-pokalrennen\/","title":{"rendered":"30 Jahre Langstrecken-Pokalrennen"},"content":{"rendered":"<p><strong>Das 30.Langstrecken-Pokalrennen, Kienbaum am 6. November 2022<\/strong><\/p>\n<p>Wenn man daran denkt, dass wir Anfang November zu unserer Veranstaltung auch schon mit Eis, oder auch mit Regenpf\u00fctzen zu k\u00e4mpfen hatten, kann sich vorstellen, wie froh die Organisatoren in diesem Jahr waren. Herrlicher Sonnenschein, Laubf\u00e4rbung ringsum, das war ein sch\u00f6ner Herbsttag. Unsere Helfer der SG EBB haben mit einem kleinen Buffet mit Geb\u00e4ck, Obst und Getr\u00e4nken dazu beigetragen, dass die Jubil\u00e4umsveranstaltung zu einem Event f\u00fcr alle wurde.<\/p>\n<p>Dazu geh\u00f6rt auch das T-Shirt f\u00fcr alle mit dem fetzigen Aufdruck. \u201eSkilaufen im Sommer\u201c muss nicht nur eine Notl\u00f6sung mangels Schnee sein, sondern kann auch ein rasanter Sport sein.<\/p>\n<p>Eine weitere \u00dcberraschung lieferte die Fa. DMS mit den neuen Ausleih-Rollern f\u00fcr die langen Strecken. Die produktionsfrischen Rollen auf der taufeuchten Waldseiten Bahn wurden anfangs etwas skeptisch betrachtet, aber das abschlie\u00dfende Fazit war: gut gelaufen!<\/p>\n<p>Das Feld der <strong>Herren \u00fcber 30 km<\/strong> startete ohne ausgesprochenen Favoriten. Aber schnell formierte sich eine 4-er F\u00fchrungsgruppe, aus der sich Marius Koch, Skizunft Dresden, erst auf den letzten Metern als Sieger absetzen konnte.<\/p>\n<p>Bei den <strong>Damen \u00fcber 15 km<\/strong> ging es nicht so verbissen zur Sache. Nur Katrin konnte zur Spitze auf Sichtweite bleiben. Pokalsiegerin 15 km D\u00fcrt Gr\u00e4f, Dresdner Skiverein.<\/p>\n<p>Die Startgruppen U12 und U13 waren sehr \u00fcbersichtlich, fast jeder wurde Sieger. In der U15m hingegen war es chaotisch. Wenn man \u00fcber 7,5 km meldet, dann aber mit der Gruppe \u00fcber 5 km losl\u00e4uft, kann das bei der Siegerehrung schon zu Unstimmigkeiten f\u00fchren.<\/p>\n<p>Es ist leider so, dass von den so arrangierten Sch\u00fclerinnen und Sch\u00fclern in den Junioren- bzw. Erwachsenenklassen wenige ankommen. Die Siegerehrung der <strong>Berliner Meister<\/strong> zeigt das andere Beispiel. Katrin Stuckas wurde 1991 und 1994 Berliner Rollskimeisterin und nun im Jahr 2022hat sie es wieder geschafft. Auch bei den Herren gewann mit Hans Raschke ein \u201eLanggedienter\u201c den Titel Berliner Rollskimeister \u00fcber 30 km.<\/p>\n<div id=\"attachment_1341\" style=\"width: 301px\" class=\"wp-caption aligncenter\"><img loading=\"lazy\" decoding=\"async\" aria-describedby=\"caption-attachment-1341\" class=\"wp-image-1341\" src=\"https:\/\/einheit-berliner-baer.de\/wp-content\/uploads\/2022\/11\/IMG_9592-225x300.jpg\" alt=\"\" width=\"291\" height=\"388\" srcset=\"https:\/\/einheit-berliner-baer.de\/wp-content\/uploads\/2022\/11\/IMG_9592-225x300.jpg 225w, https:\/\/einheit-berliner-baer.de\/wp-content\/uploads\/2022\/11\/IMG_9592-768x1024.jpg 768w, https:\/\/einheit-berliner-baer.de\/wp-content\/uploads\/2022\/11\/IMG_9592-1152x1536.jpg 1152w, https:\/\/einheit-berliner-baer.de\/wp-content\/uploads\/2022\/11\/IMG_9592-1536x2048.jpg 1536w, https:\/\/einheit-berliner-baer.de\/wp-content\/uploads\/2022\/11\/IMG_9592-1x1.jpg 1w, https:\/\/einheit-berliner-baer.de\/wp-content\/uploads\/2022\/11\/IMG_9592-scaled.jpg 1920w\" sizes=\"auto, (max-width: 291px) 100vw, 291px\" \/><p id=\"caption-attachment-1341\" class=\"wp-caption-text\">Berliner Meister \u00fcber 15 km und 30 km<\/p><\/div>\n<p>Nicht vergessen wollen wir die weiteren Pokalgewinner:<\/p>\n<p><strong>Altersklassenausgleichswertung<\/strong>, wer \u00fcber Jahre kontinuierlich trainiert hat und in h\u00f6herem Alter gute Leistung bringt, kann in dieser Wertung weit vorn sein. Diesmal waren es bei den Herren Roland Geissler, wie schon in den Jahren 2013 sowie 2014 und Katrin Stuckas bei den Damen.<\/p>\n<p>Zum SISU-Pokal f\u00fcr den vorletzten Herren \u00fcber 30 km wurde lange spekuliert. Fast unbemerkt lief diesmal Uwe Simon ganz hinten und so konnte J\u00f6rg Wiedemann jubeln, gib niemals auf! Auch unser Wahlspruch f\u00fcr das n\u00e4chste Jahr.<\/p>\n","protected":false},"excerpt":{"rendered":"<p>Das 30.Langstrecken-Pokalrennen, Kienbaum am 6. November 2022 Wenn man daran denkt, dass wir Anfang November zu unserer Veranstaltung auch schon mit Eis, oder auch mit Regenpf\u00fctzen zu k\u00e4mpfen hatten, kann sich vorstellen, wie froh die Organisatoren in diesem Jahr waren. Herrlicher Sonnenschein, Laubf\u00e4rbung ringsum, das war ein sch\u00f6ner Herbsttag. Unsere Helfer der SG EBB haben [&hellip;]<\/p>\n","protected":false},"author":2,"featured_media":0,"comment_status":"closed","ping_status":"closed","sticky":false,"template":"","format":"standard","meta":{"_crdt_document":"","footnotes":""},"categories":[1],"tags":[],"class_list":["post-1350","post","type-post","status-publish","format-standard","hentry","category-uncategorized"],"_links":{"self":[{"href":"https:\/\/einheit-berliner-baer.de\/index.php\/wp-json\/wp\/v2\/posts\/1350","targetHints":{"allow":["GET"]}}],"collection":[{"href":"https:\/\/einheit-berliner-baer.de\/index.php\/wp-json\/wp\/v2\/posts"}],"about":[{"href":"https:\/\/einheit-berliner-baer.de\/index.php\/wp-json\/wp\/v2\/types\/post"}],"author":[{"embeddable":true,"href":"https:\/\/einheit-berliner-baer.de\/index.php\/wp-json\/wp\/v2\/users\/2"}],"replies":[{"embeddable":true,"href":"https:\/\/einheit-berliner-baer.de\/index.php\/wp-json\/wp\/v2\/comments?post=1350"}],"version-history":[{"count":6,"href":"https:\/\/einheit-berliner-baer.de\/index.php\/wp-json\/wp\/v2\/posts\/1350\/revisions"}],"predecessor-version":[{"id":1419,"href":"https:\/\/einheit-berliner-baer.de\/index.php\/wp-json\/wp\/v2\/posts\/1350\/revisions\/1419"}],"wp:attachment":[{"href":"https:\/\/einheit-berliner-baer.de\/index.php\/wp-json\/wp\/v2\/media?parent=1350"}],"wp:term":[{"taxonomy":"category","embeddable":true,"href":"https:\/\/einheit-berliner-baer.de\/index.php\/wp-json\/wp\/v2\/categories?post=1350"},{"taxonomy":"post_tag","embeddable":true,"href":"https:\/\/einheit-berliner-baer.de\/index.php\/wp-json\/wp\/v2\/tags?post=1350"}],"curies":[{"name":"wp","href":"https:\/\/api.w.org\/{rel}","templated":true}]}}