{"id":1397,"date":"2023-04-11T16:24:18","date_gmt":"2023-04-11T16:24:18","guid":{"rendered":"https:\/\/einheit-berliner-baer.de\/?p=1397"},"modified":"2023-04-11T16:24:18","modified_gmt":"2023-04-11T16:24:18","slug":"trauer-um-juergen-mittendorf","status":"publish","type":"post","link":"https:\/\/einheit-berliner-baer.de\/index.php\/2023\/04\/11\/trauer-um-juergen-mittendorf\/","title":{"rendered":"Trauer um J\u00fcrgen Mittendorf"},"content":{"rendered":"<p><img decoding=\"async\" src=\"https:\/\/einheit-berliner-baer.de\/wp-content\/uploads\/2023\/04\/CIMG3964_1.jpg\" \/><\/p>\n<p>Am 11. M\u00e4rz 2023 ist unser langj\u00e4hriger Leiter der Abteilung Ski J\u00fcrgen Mittendorf im Alter von 88 Jahren verstorben.<\/p>\n<p>Wir werden sein Andenken in Ehren halten.<\/p>\n","protected":false},"excerpt":{"rendered":"<p>Am 11. M\u00e4rz 2023 ist unser langj\u00e4hriger Leiter der Abteilung Ski J\u00fcrgen Mittendorf im Alter von 88 Jahren verstorben. Wir werden sein Andenken in Ehren halten.<\/p>\n","protected":false},"author":2,"featured_media":0,"comment_status":"closed","ping_status":"closed","sticky":false,"template":"","format":"standard","meta":{"_crdt_document":"","footnotes":""},"categories":[8,1],"tags":[],"class_list":["post-1397","post","type-post","status-publish","format-standard","hentry","category-news","category-uncategorized"],"_links":{"self":[{"href":"https:\/\/einheit-berliner-baer.de\/index.php\/wp-json\/wp\/v2\/posts\/1397","targetHints":{"allow":["GET"]}}],"collection":[{"href":"https:\/\/einheit-berliner-baer.de\/index.php\/wp-json\/wp\/v2\/posts"}],"about":[{"href":"https:\/\/einheit-berliner-baer.de\/index.php\/wp-json\/wp\/v2\/types\/post"}],"author":[{"embeddable":true,"href":"https:\/\/einheit-berliner-baer.de\/index.php\/wp-json\/wp\/v2\/users\/2"}],"replies":[{"embeddable":true,"href":"https:\/\/einheit-berliner-baer.de\/index.php\/wp-json\/wp\/v2\/comments?post=1397"}],"version-history":[{"count":1,"href":"https:\/\/einheit-berliner-baer.de\/index.php\/wp-json\/wp\/v2\/posts\/1397\/revisions"}],"predecessor-version":[{"id":1401,"href":"https:\/\/einheit-berliner-baer.de\/index.php\/wp-json\/wp\/v2\/posts\/1397\/revisions\/1401"}],"wp:attachment":[{"href":"https:\/\/einheit-berliner-baer.de\/index.php\/wp-json\/wp\/v2\/media?parent=1397"}],"wp:term":[{"taxonomy":"category","embeddable":true,"href":"https:\/\/einheit-berliner-baer.de\/index.php\/wp-json\/wp\/v2\/categories?post=1397"},{"taxonomy":"post_tag","embeddable":true,"href":"https:\/\/einheit-berliner-baer.de\/index.php\/wp-json\/wp\/v2\/tags?post=1397"}],"curies":[{"name":"wp","href":"https:\/\/api.w.org\/{rel}","templated":true}]}}