{"id":1408,"date":"2023-05-02T15:33:37","date_gmt":"2023-05-02T15:33:37","guid":{"rendered":"https:\/\/einheit-berliner-baer.de\/?p=1408"},"modified":"2023-05-02T15:33:37","modified_gmt":"2023-05-02T15:33:37","slug":"vorstandswahl-2023","status":"publish","type":"post","link":"https:\/\/einheit-berliner-baer.de\/index.php\/2023\/05\/02\/vorstandswahl-2023\/","title":{"rendered":"Vorstandswahl 2023"},"content":{"rendered":"<h4>Unser bisheriger 1.Vositzender, Hans Raschke, hat sich nach 12 Jahre in dieser Funktion nicht wieder zur Wahl gestellt. Ein neuer 1. Vorsitzender\/in stand damit zur Wahl. J\u00f6rg Wiedemann ist seit 10 Jahren Mitglied in unserem Verein. Bei den World Masters 2012 in Oberwiesenthal wurde er durch den B\u00e4ren-Fanblock mit den rot-wei\u00dfen F\u00e4hnchen mit dem B\u00e4ren auf uns als Berliner Skilangl\u00e4ufer aufmerksam. Neben dem Skilauf ist er jahreszeitlich bedingt auch auf Rollern und dem Rennrad unterwegs.\u00a0<\/h4>\n<h4>Seine Wahl wurde mit viel Beifall bedacht. Im Vorstand sind weiter unsere bew\u00e4hrten Sportfreundinnen Recka Tille als 2. Vorsitzende und Birgit Thiele als Kassenwartin gew\u00e4hlt worden.<\/h4>\n<h4>Wir w\u00fcnschen dem neuen Team viel Erfolg !<\/h4>\n<h4>\u00a0<\/h4>\n<p>\u00a0<\/p>\n<p>\u00a0<\/p>\n","protected":false},"excerpt":{"rendered":"<p>Unser bisheriger 1.Vositzender, Hans Raschke, hat sich nach 12 Jahre in dieser Funktion nicht wieder zur Wahl gestellt. Ein neuer 1. Vorsitzender\/in stand damit zur Wahl. J\u00f6rg Wiedemann ist seit 10 Jahren Mitglied in unserem Verein. Bei den World Masters 2012 in Oberwiesenthal wurde er durch den B\u00e4ren-Fanblock mit den rot-wei\u00dfen F\u00e4hnchen mit dem B\u00e4ren [&hellip;]<\/p>\n","protected":false},"author":2,"featured_media":0,"comment_status":"closed","ping_status":"closed","sticky":false,"template":"","format":"standard","meta":{"_crdt_document":"","footnotes":""},"categories":[8],"tags":[],"class_list":["post-1408","post","type-post","status-publish","format-standard","hentry","category-news"],"_links":{"self":[{"href":"https:\/\/einheit-berliner-baer.de\/index.php\/wp-json\/wp\/v2\/posts\/1408","targetHints":{"allow":["GET"]}}],"collection":[{"href":"https:\/\/einheit-berliner-baer.de\/index.php\/wp-json\/wp\/v2\/posts"}],"about":[{"href":"https:\/\/einheit-berliner-baer.de\/index.php\/wp-json\/wp\/v2\/types\/post"}],"author":[{"embeddable":true,"href":"https:\/\/einheit-berliner-baer.de\/index.php\/wp-json\/wp\/v2\/users\/2"}],"replies":[{"embeddable":true,"href":"https:\/\/einheit-berliner-baer.de\/index.php\/wp-json\/wp\/v2\/comments?post=1408"}],"version-history":[{"count":1,"href":"https:\/\/einheit-berliner-baer.de\/index.php\/wp-json\/wp\/v2\/posts\/1408\/revisions"}],"predecessor-version":[{"id":1409,"href":"https:\/\/einheit-berliner-baer.de\/index.php\/wp-json\/wp\/v2\/posts\/1408\/revisions\/1409"}],"wp:attachment":[{"href":"https:\/\/einheit-berliner-baer.de\/index.php\/wp-json\/wp\/v2\/media?parent=1408"}],"wp:term":[{"taxonomy":"category","embeddable":true,"href":"https:\/\/einheit-berliner-baer.de\/index.php\/wp-json\/wp\/v2\/categories?post=1408"},{"taxonomy":"post_tag","embeddable":true,"href":"https:\/\/einheit-berliner-baer.de\/index.php\/wp-json\/wp\/v2\/tags?post=1408"}],"curies":[{"name":"wp","href":"https:\/\/api.w.org\/{rel}","templated":true}]}}