{"id":1415,"date":"2023-05-08T18:56:43","date_gmt":"2023-05-08T18:56:43","guid":{"rendered":"https:\/\/einheit-berliner-baer.de\/?p=1415"},"modified":"2023-05-08T18:56:44","modified_gmt":"2023-05-08T18:56:44","slug":"world-masters-2023-seefeld","status":"publish","type":"post","link":"https:\/\/einheit-berliner-baer.de\/index.php\/2023\/05\/08\/world-masters-2023-seefeld\/","title":{"rendered":"World Masters 2023 Seefeld"},"content":{"rendered":"\n<p class=\"wp-block-paragraph\"><\/p>\n\n\n\n<p class=\"wp-block-paragraph\">Mit Seefeld verbindet sich f\u00fcr mich eine wunderbare Schneelandschaft und ein gro\u00dfartiges Langlaufgebiet. Demzufolge war die Vorfreude gro\u00df &#8211; wir fahren vom 18. bis 25.M\u00e4rz nach Seefeld. J\u00f6rg machte sich um die Unterkunft verdient und fand ein sch\u00f6nes Ferienhaus in Neuleutasch, zwischen Seefeld und Leutasch mit den legend\u00e4ren Langlaufloipen gelegen. Aus der Vorfreude wurde bei der Wettervorausschau, mit angek\u00fcndigten Plusgraden und Regen, Unsicherheit. Da die Rennen aber nicht abgesagt wurden, fuhren wir los und freuten uns \u00fcber das wei\u00dfe Band der Wettkamfloipen in gr\u00fcner Landschaft. Und, die Loipen hielten die ganze Woche bei bis zu 12 Grad plus und Regen: der Kunstschnee macht es m\u00f6glich.<\/p>\n\n\n\n<figure class=\"wp-block-image\"><img loading=\"lazy\" decoding=\"async\" width=\"300\" height=\"138\" src=\"https:\/\/einheit-berliner-baer.de\/wp-content\/uploads\/2023\/05\/IMG-20230321-WA0002-300x138.jpg\" alt=\"\" class=\"wp-image-1413\" srcset=\"https:\/\/einheit-berliner-baer.de\/wp-content\/uploads\/2023\/05\/IMG-20230321-WA0002-300x138.jpg 300w, https:\/\/einheit-berliner-baer.de\/wp-content\/uploads\/2023\/05\/IMG-20230321-WA0002-1024x472.jpg 1024w, https:\/\/einheit-berliner-baer.de\/wp-content\/uploads\/2023\/05\/IMG-20230321-WA0002-768x354.jpg 768w, https:\/\/einheit-berliner-baer.de\/wp-content\/uploads\/2023\/05\/IMG-20230321-WA0002-1536x707.jpg 1536w, https:\/\/einheit-berliner-baer.de\/wp-content\/uploads\/2023\/05\/IMG-20230321-WA0002-2x1.jpg 2w, https:\/\/einheit-berliner-baer.de\/wp-content\/uploads\/2023\/05\/IMG-20230321-WA0002.jpg 2048w\" sizes=\"auto, (max-width: 300px) 100vw, 300px\" \/><\/figure>\n\n\n\n<p class=\"wp-block-paragraph\">Bei der Er\u00f6ffnungsfeier mit landestypischem Colorit wurden \u00fcber 900 Teilnehmer aus 29 Nationen begr\u00fc\u00dft und 4 Berliner dabei!<\/p>\n\n\n\n<p class=\"wp-block-paragraph\">In unserer Gruppe drehte sich alles um unseren Wettkamfyoungster Albrecht Fischer, der mit 81 Jahren zum ersten Mal an so einem gro\u00dfen Wettkampf teilnahm. Die Anspannung war f\u00f6rmlich zu greifen. Sie entlud sich dann in stiller Freude \u00fcber seinem 4. Platz \u00fcber 5 km FT. Als Berliner nur wenige Sekunden vom Podest getrennt: ja, man kann sich auch in den M\u00fcggelbergen f\u00fcr die Weltspitze fit machen.<\/p>\n\n\n\n<figure class=\"wp-block-image\"><img loading=\"lazy\" decoding=\"async\" width=\"300\" height=\"223\" src=\"https:\/\/einheit-berliner-baer.de\/wp-content\/uploads\/2023\/05\/IMG-20230321-WA0088_1-300x223.jpg\" alt=\"\" class=\"wp-image-1414\" srcset=\"https:\/\/einheit-berliner-baer.de\/wp-content\/uploads\/2023\/05\/IMG-20230321-WA0088_1-300x223.jpg 300w, https:\/\/einheit-berliner-baer.de\/wp-content\/uploads\/2023\/05\/IMG-20230321-WA0088_1-1024x760.jpg 1024w, https:\/\/einheit-berliner-baer.de\/wp-content\/uploads\/2023\/05\/IMG-20230321-WA0088_1-768x570.jpg 768w, https:\/\/einheit-berliner-baer.de\/wp-content\/uploads\/2023\/05\/IMG-20230321-WA0088_1-1x1.jpg 1w, https:\/\/einheit-berliner-baer.de\/wp-content\/uploads\/2023\/05\/IMG-20230321-WA0088_1.jpg 1369w\" sizes=\"auto, (max-width: 300px) 100vw, 300px\" \/><\/figure>\n\n\n\n<p class=\"wp-block-paragraph\">Nat\u00fcrlich waren alle gespannt, wie es in der Staffel l\u00e4uft. Unsere Auswertung der Ergebnisse der Einzelwettbewerbe machte klar, Albrecht hat sich f\u00fcr einen Platz in der Staffel qualifiziert. Dann aber die gro\u00dfe Entt\u00e4uschung: in der M 11 (H\u00dc 80) hat Deutschland nur 3 Aktive und damit keine Staffel.<\/p>\n\n\n\n<p class=\"wp-block-paragraph\">Ein anderes Thema war die Frage, wo kann man au\u00dferhalb des Stadions noch laufen. Die Loipe A6 in Leutasch wurde im Netz als \u201eteilweise offen\u201c gemeldet. Mit einer geh\u00f6rigen Portion Galgenhumor ging es auf Schneesuche nach Leutasch. Aber mehr als 1 km war dort auch nicht. Total \u201eausgehungert\u201c nach Schnee, haben wir das Beste daraus gemacht und jede Menge Spa\u00df gehabt.<\/p>\n\n\n\n<p class=\"wp-block-paragraph\">Bewundernswert war die Leistung der Organisation bzw. des Steckenkomandos, die die Wettk\u00e4mpfe bis zum letzten Tag erm\u00f6glicht haben. Den Wolkenbruch mit Blitz und Donner gab es genau zu Abschlu\u00dfveranstaltung. Aber da sa\u00dfen wir im Trockenen und konnten einen Stimmungsvollen Abend erleben.<\/p>\n\n\n\n<p class=\"wp-block-paragraph\">Uwe Ruppin<\/p>\n\n\n\n<p class=\"wp-block-paragraph\">Abt. Ski SG EBB<\/p>\n","protected":false},"excerpt":{"rendered":"<p>Mit Seefeld verbindet sich f\u00fcr mich eine wunderbare Schneelandschaft und ein gro\u00dfartiges Langlaufgebiet. Demzufolge war die Vorfreude gro\u00df &#8211; wir fahren vom 18. bis 25.M\u00e4rz nach Seefeld. J\u00f6rg machte sich um die Unterkunft verdient und fand ein sch\u00f6nes Ferienhaus in Neuleutasch, zwischen Seefeld und Leutasch mit den legend\u00e4ren Langlaufloipen gelegen. Aus der Vorfreude wurde bei [&hellip;]<\/p>\n","protected":false},"author":2,"featured_media":0,"comment_status":"closed","ping_status":"closed","sticky":false,"template":"","format":"standard","meta":{"_crdt_document":"","footnotes":""},"categories":[1],"tags":[],"class_list":["post-1415","post","type-post","status-publish","format-standard","hentry","category-uncategorized"],"_links":{"self":[{"href":"https:\/\/einheit-berliner-baer.de\/index.php\/wp-json\/wp\/v2\/posts\/1415","targetHints":{"allow":["GET"]}}],"collection":[{"href":"https:\/\/einheit-berliner-baer.de\/index.php\/wp-json\/wp\/v2\/posts"}],"about":[{"href":"https:\/\/einheit-berliner-baer.de\/index.php\/wp-json\/wp\/v2\/types\/post"}],"author":[{"embeddable":true,"href":"https:\/\/einheit-berliner-baer.de\/index.php\/wp-json\/wp\/v2\/users\/2"}],"replies":[{"embeddable":true,"href":"https:\/\/einheit-berliner-baer.de\/index.php\/wp-json\/wp\/v2\/comments?post=1415"}],"version-history":[{"count":1,"href":"https:\/\/einheit-berliner-baer.de\/index.php\/wp-json\/wp\/v2\/posts\/1415\/revisions"}],"predecessor-version":[{"id":1417,"href":"https:\/\/einheit-berliner-baer.de\/index.php\/wp-json\/wp\/v2\/posts\/1415\/revisions\/1417"}],"wp:attachment":[{"href":"https:\/\/einheit-berliner-baer.de\/index.php\/wp-json\/wp\/v2\/media?parent=1415"}],"wp:term":[{"taxonomy":"category","embeddable":true,"href":"https:\/\/einheit-berliner-baer.de\/index.php\/wp-json\/wp\/v2\/categories?post=1415"},{"taxonomy":"post_tag","embeddable":true,"href":"https:\/\/einheit-berliner-baer.de\/index.php\/wp-json\/wp\/v2\/tags?post=1415"}],"curies":[{"name":"wp","href":"https:\/\/api.w.org\/{rel}","templated":true}]}}