{"id":1668,"date":"2024-04-14T18:57:07","date_gmt":"2024-04-14T18:57:07","guid":{"rendered":"https:\/\/einheit-berliner-baer.de\/?p=1668"},"modified":"2024-04-15T19:12:23","modified_gmt":"2024-04-15T19:12:23","slug":"jahresmitgliederversammlung-2024","status":"publish","type":"post","link":"https:\/\/einheit-berliner-baer.de\/index.php\/2024\/04\/14\/jahresmitgliederversammlung-2024\/","title":{"rendered":"Jahresmitgliederversammlung 2024"},"content":{"rendered":"<p><a href=\"https:\/\/einheit-berliner-baer.de\/wp-content\/uploads\/2024\/04\/MVText-Website2024-1.docx\" data-wplink-edit=\"true\">MVText Website2024<\/a><\/p>\n<p>J\u00e4hrliche Mitgliederversammlung am 19.03.2024<\/p>\n<p>Unsere allj\u00e4hrliche Mitgliederversammlung fand wieder in der kleinen Gastst\u00e4tte<\/p>\n<p>\u201eSchmucks Restauration\u201c statt und war durch alle drei Abteilungen gut besucht.<\/p>\n<p>Es wurde Bilanz gezogen \u00fcber das letzte Sportjahr und der Kassenbericht vorgestellt.<\/p>\n<p>Die Abteilung Gymnastik f\u00fchrt w\u00f6chentlich ihr Training in der Sporthalle durch. Die Abteilung Ski hat sich durch den milden Winter nicht vom regelm\u00e4\u00dfigen Training abhalten lassen. Es wurde auf Skiroller oder Laufschuhe ausgewichen. Wer die M\u00f6glichkeit hatte, ist zum Skilaufen und zur Wettkampfteilnahme in die \u201eh\u00f6heren Lagen\u201c anderer L\u00e4nder ausgewichen. Auch die Abteilung Biathlon Orientierung trifft sich regelm\u00e4\u00dfig in der Schorfheide zum Training und nimmt aktiv an Wettk\u00e4mpfen teil.<\/p>\n<p>In diesem Jahr wird unser Verein stolze 75 Jahre alt. Das wollen wir feiern und da gibt es noch so Einiges zu tun. Geplant ist unter anderem eine Chronik, die unser Vereinsleben anschaulich darstellt. Da ist die Mitarbeit von Allen gefragt, damit das Ergebnis sich sehen lassen kann.<\/p>\n<p>Birgit Thiele<\/p>\n<p><img loading=\"lazy\" decoding=\"async\" width=\"1372\" height=\"1372\" class=\"wp-image-1670\" src=\"https:\/\/einheit-berliner-baer.de\/wp-content\/uploads\/2024\/04\/ein-bild-das-kleidung-im-haus-person-wand-enth.jpeg\" alt=\"Ein Bild, das Kleidung, Im Haus, Person, Wand enth\u00e4lt.\n\nAutomatisch generierte Beschreibung\" srcset=\"https:\/\/einheit-berliner-baer.de\/wp-content\/uploads\/2024\/04\/ein-bild-das-kleidung-im-haus-person-wand-enth.jpeg 1372w, https:\/\/einheit-berliner-baer.de\/wp-content\/uploads\/2024\/04\/ein-bild-das-kleidung-im-haus-person-wand-enth-300x300.jpeg 300w, https:\/\/einheit-berliner-baer.de\/wp-content\/uploads\/2024\/04\/ein-bild-das-kleidung-im-haus-person-wand-enth-1024x1024.jpeg 1024w, https:\/\/einheit-berliner-baer.de\/wp-content\/uploads\/2024\/04\/ein-bild-das-kleidung-im-haus-person-wand-enth-150x150.jpeg 150w, https:\/\/einheit-berliner-baer.de\/wp-content\/uploads\/2024\/04\/ein-bild-das-kleidung-im-haus-person-wand-enth-768x768.jpeg 768w, https:\/\/einheit-berliner-baer.de\/wp-content\/uploads\/2024\/04\/ein-bild-das-kleidung-im-haus-person-wand-enth-1x1.jpeg 1w\" sizes=\"auto, (max-width: 1372px) 100vw, 1372px\" \/><\/p>\n","protected":false},"excerpt":{"rendered":"<p>MVText Website2024 J\u00e4hrliche Mitgliederversammlung am 19.03.2024 Unsere allj\u00e4hrliche Mitgliederversammlung fand wieder in der kleinen Gastst\u00e4tte \u201eSchmucks Restauration\u201c statt und war durch alle drei Abteilungen gut besucht. Es wurde Bilanz gezogen \u00fcber das letzte Sportjahr und der Kassenbericht vorgestellt. Die Abteilung Gymnastik f\u00fchrt w\u00f6chentlich ihr Training in der Sporthalle durch. Die Abteilung Ski hat sich durch [&hellip;]<\/p>\n","protected":false},"author":2,"featured_media":0,"comment_status":"closed","ping_status":"closed","sticky":false,"template":"","format":"standard","meta":{"_crdt_document":"","footnotes":""},"categories":[8],"tags":[],"class_list":["post-1668","post","type-post","status-publish","format-standard","hentry","category-news"],"_links":{"self":[{"href":"https:\/\/einheit-berliner-baer.de\/index.php\/wp-json\/wp\/v2\/posts\/1668","targetHints":{"allow":["GET"]}}],"collection":[{"href":"https:\/\/einheit-berliner-baer.de\/index.php\/wp-json\/wp\/v2\/posts"}],"about":[{"href":"https:\/\/einheit-berliner-baer.de\/index.php\/wp-json\/wp\/v2\/types\/post"}],"author":[{"embeddable":true,"href":"https:\/\/einheit-berliner-baer.de\/index.php\/wp-json\/wp\/v2\/users\/2"}],"replies":[{"embeddable":true,"href":"https:\/\/einheit-berliner-baer.de\/index.php\/wp-json\/wp\/v2\/comments?post=1668"}],"version-history":[{"count":3,"href":"https:\/\/einheit-berliner-baer.de\/index.php\/wp-json\/wp\/v2\/posts\/1668\/revisions"}],"predecessor-version":[{"id":1691,"href":"https:\/\/einheit-berliner-baer.de\/index.php\/wp-json\/wp\/v2\/posts\/1668\/revisions\/1691"}],"wp:attachment":[{"href":"https:\/\/einheit-berliner-baer.de\/index.php\/wp-json\/wp\/v2\/media?parent=1668"}],"wp:term":[{"taxonomy":"category","embeddable":true,"href":"https:\/\/einheit-berliner-baer.de\/index.php\/wp-json\/wp\/v2\/categories?post=1668"},{"taxonomy":"post_tag","embeddable":true,"href":"https:\/\/einheit-berliner-baer.de\/index.php\/wp-json\/wp\/v2\/tags?post=1668"}],"curies":[{"name":"wp","href":"https:\/\/api.w.org\/{rel}","templated":true}]}}