{"id":474,"date":"2019-01-07T19:56:44","date_gmt":"2019-01-07T19:56:44","guid":{"rendered":"https:\/\/einheit-berliner-baer.de\/?p=474"},"modified":"2019-01-07T20:05:57","modified_gmt":"2019-01-07T20:05:57","slug":"berliner-meisterschaften-2019","status":"publish","type":"post","link":"https:\/\/einheit-berliner-baer.de\/index.php\/2019\/01\/07\/berliner-meisterschaften-2019\/","title":{"rendered":"Berliner Meisterschaften 2019 (Kurzstrecke)"},"content":{"rendered":"<table width=\"393\">\n<tbody>\n<tr>\n<td width=\"80\"><strong>Tag<\/strong><\/td>\n<td width=\"51\"><strong>Uhrzeit<\/strong><\/td>\n<td width=\"99\"><strong>AK (m\/w)<\/strong><\/td>\n<td width=\"83\"><strong>Strecke (km)<\/strong><\/td>\n<td width=\"80\"><strong>Technik<\/strong><\/td>\n<\/tr>\n<tr>\n<td>23.02.2019<\/td>\n<td>10:00<\/td>\n<td>alle (w)<\/td>\n<td>5<\/td>\n<td>Klassik<\/td>\n<\/tr>\n<tr>\n<td>23.02.2019<\/td>\n<td>10:00<\/td>\n<td>H61+, U18, U20 (m)<\/td>\n<td>10<\/td>\n<td>Klassik<\/td>\n<\/tr>\n<tr>\n<td>23.02.2019<\/td>\n<td>10:00<\/td>\n<td>H21 &#8211; H51 (m)<\/td>\n<td>15<\/td>\n<td>Klassik<\/td>\n<\/tr>\n<tr>\n<td><\/td>\n<td><\/td>\n<td><\/td>\n<td><\/td>\n<td><\/td>\n<\/tr>\n<tr>\n<td>23.02.2019<\/td>\n<td>14:00<\/td>\n<td>alle (w)<\/td>\n<td>5<\/td>\n<td>Freistil<\/td>\n<\/tr>\n<tr>\n<td>23.02.2019<\/td>\n<td>14:00<\/td>\n<td>alle (m)<\/td>\n<td>7,5<\/td>\n<td>Freistil<\/td>\n<\/tr>\n<tr>\n<td><\/td>\n<td><\/td>\n<td><\/td>\n<td><\/td>\n<td><\/td>\n<\/tr>\n<tr>\n<td>24.02.2019<\/td>\n<td>10:00<\/td>\n<td>Staffel<\/td>\n<td><\/td>\n<td>mix<\/td>\n<\/tr>\n<\/tbody>\n<\/table>\n<p>\u00dcbernachtung vom 22.2. bis 24.02.2019 ( 2 N\u00e4chte) im Waldpark Gr\u00fcnheide.<br \/>\nHaus Auerbach, Zimmer mit Dusche und WC.<br \/>\nKosten: 33,80 \u20ac pro Pers.\/Nacht mit Halbpension (Fr\u00fch- u. Abendb\u00fcfett), incl. Bettw\u00e4sche.<br \/>\nHandt\u00fccher bitte mitbringen.<\/p>\n<p>Anmeldungen bitte an Uwe bis zum 28.01.2019 mit diesem <a href=\"https:\/\/einheit-berliner-baer.de\/wp-content\/uploads\/2019\/01\/Einladung-Gr\u00fcnheide-BM2019.pdf\" target=\"_blank\" rel=\"noopener\">Formular<\/a><\/p>\n","protected":false},"excerpt":{"rendered":"<p>Tag Uhrzeit AK (m\/w) Strecke (km) Technik 23.02.2019 10:00 alle (w) 5 Klassik 23.02.2019 10:00 H61+, U18, U20 (m) 10 Klassik 23.02.2019 10:00 H21 &#8211; H51 (m) 15 Klassik 23.02.2019 14:00 alle (w) 5 Freistil 23.02.2019 14:00 alle (m) 7,5 Freistil 24.02.2019 10:00 Staffel mix \u00dcbernachtung vom 22.2. bis 24.02.2019 ( 2 N\u00e4chte) im Waldpark [&hellip;]<\/p>\n","protected":false},"author":3,"featured_media":0,"comment_status":"closed","ping_status":"closed","sticky":false,"template":"","format":"standard","meta":{"_crdt_document":"","footnotes":""},"categories":[8],"tags":[],"class_list":["post-474","post","type-post","status-publish","format-standard","hentry","category-news"],"_links":{"self":[{"href":"https:\/\/einheit-berliner-baer.de\/index.php\/wp-json\/wp\/v2\/posts\/474","targetHints":{"allow":["GET"]}}],"collection":[{"href":"https:\/\/einheit-berliner-baer.de\/index.php\/wp-json\/wp\/v2\/posts"}],"about":[{"href":"https:\/\/einheit-berliner-baer.de\/index.php\/wp-json\/wp\/v2\/types\/post"}],"author":[{"embeddable":true,"href":"https:\/\/einheit-berliner-baer.de\/index.php\/wp-json\/wp\/v2\/users\/3"}],"replies":[{"embeddable":true,"href":"https:\/\/einheit-berliner-baer.de\/index.php\/wp-json\/wp\/v2\/comments?post=474"}],"version-history":[{"count":6,"href":"https:\/\/einheit-berliner-baer.de\/index.php\/wp-json\/wp\/v2\/posts\/474\/revisions"}],"predecessor-version":[{"id":482,"href":"https:\/\/einheit-berliner-baer.de\/index.php\/wp-json\/wp\/v2\/posts\/474\/revisions\/482"}],"wp:attachment":[{"href":"https:\/\/einheit-berliner-baer.de\/index.php\/wp-json\/wp\/v2\/media?parent=474"}],"wp:term":[{"taxonomy":"category","embeddable":true,"href":"https:\/\/einheit-berliner-baer.de\/index.php\/wp-json\/wp\/v2\/categories?post=474"},{"taxonomy":"post_tag","embeddable":true,"href":"https:\/\/einheit-berliner-baer.de\/index.php\/wp-json\/wp\/v2\/tags?post=474"}],"curies":[{"name":"wp","href":"https:\/\/api.w.org\/{rel}","templated":true}]}}