{"id":520,"date":"2019-02-15T08:43:45","date_gmt":"2019-02-15T08:43:45","guid":{"rendered":"https:\/\/einheit-berliner-baer.de\/?p=520"},"modified":"2019-02-25T10:19:10","modified_gmt":"2019-02-25T10:19:10","slug":"wir-trauern-um-eribert-broeseke","status":"publish","type":"post","link":"https:\/\/einheit-berliner-baer.de\/index.php\/2019\/02\/15\/wir-trauern-um-eribert-broeseke\/","title":{"rendered":"Wir trauern um Eribert Br\u00f6seke"},"content":{"rendered":"<p style=\"text-align: center;\">Ein K\u00e4mpferherz hat aufgeh\u00f6rt zu schlagen:<\/p>\n<p style=\"text-align: center;\">Am 19.01.2019 verstarb unser langj\u00e4hriges Mitglied Eribert Br\u00f6seke nach langer schwerer<br \/>\nKrankheit. Unser Beileid gilt den Angeh\u00f6rigen insbesondere Frau Christa und Sohn Kai.<\/p>\n<p style=\"text-align: center;\">Der Vorstand<\/p>\n","protected":false},"excerpt":{"rendered":"<p>Ein K\u00e4mpferherz hat aufgeh\u00f6rt zu schlagen: Am 19.01.2019 verstarb unser langj\u00e4hriges Mitglied Eribert Br\u00f6seke nach langer schwerer Krankheit. Unser Beileid gilt den Angeh\u00f6rigen insbesondere Frau Christa und Sohn Kai. Der Vorstand<\/p>\n","protected":false},"author":3,"featured_media":0,"comment_status":"open","ping_status":"closed","sticky":false,"template":"","format":"standard","meta":{"_crdt_document":"","footnotes":""},"categories":[8],"tags":[],"class_list":["post-520","post","type-post","status-publish","format-standard","hentry","category-news"],"_links":{"self":[{"href":"https:\/\/einheit-berliner-baer.de\/index.php\/wp-json\/wp\/v2\/posts\/520","targetHints":{"allow":["GET"]}}],"collection":[{"href":"https:\/\/einheit-berliner-baer.de\/index.php\/wp-json\/wp\/v2\/posts"}],"about":[{"href":"https:\/\/einheit-berliner-baer.de\/index.php\/wp-json\/wp\/v2\/types\/post"}],"author":[{"embeddable":true,"href":"https:\/\/einheit-berliner-baer.de\/index.php\/wp-json\/wp\/v2\/users\/3"}],"replies":[{"embeddable":true,"href":"https:\/\/einheit-berliner-baer.de\/index.php\/wp-json\/wp\/v2\/comments?post=520"}],"version-history":[{"count":2,"href":"https:\/\/einheit-berliner-baer.de\/index.php\/wp-json\/wp\/v2\/posts\/520\/revisions"}],"predecessor-version":[{"id":522,"href":"https:\/\/einheit-berliner-baer.de\/index.php\/wp-json\/wp\/v2\/posts\/520\/revisions\/522"}],"wp:attachment":[{"href":"https:\/\/einheit-berliner-baer.de\/index.php\/wp-json\/wp\/v2\/media?parent=520"}],"wp:term":[{"taxonomy":"category","embeddable":true,"href":"https:\/\/einheit-berliner-baer.de\/index.php\/wp-json\/wp\/v2\/categories?post=520"},{"taxonomy":"post_tag","embeddable":true,"href":"https:\/\/einheit-berliner-baer.de\/index.php\/wp-json\/wp\/v2\/tags?post=520"}],"curies":[{"name":"wp","href":"https:\/\/api.w.org\/{rel}","templated":true}]}}