{"id":529,"date":"2019-02-25T10:29:57","date_gmt":"2019-02-25T10:29:57","guid":{"rendered":"https:\/\/einheit-berliner-baer.de\/?p=529"},"modified":"2019-03-02T20:21:08","modified_gmt":"2019-03-02T20:21:08","slug":"ergbnisse-berliner-meisterschaften-ski-nordisch","status":"publish","type":"post","link":"https:\/\/einheit-berliner-baer.de\/index.php\/2019\/02\/25\/ergbnisse-berliner-meisterschaften-ski-nordisch\/","title":{"rendered":"Ergebnisse Berliner Meisterschaften Ski-nordisch"},"content":{"rendered":"\n<p class=\"wp-block-paragraph\">Die \u00e4u\u00dferen Bedingungen waren spektakul\u00e4r: am Vortag (Freitag)\nausgiebiger Regen, nachts -8 \u1d3cC. Das ergab eine \u201ebetonharte\u201c\nEispiste. Dazu eine Loipe von 1,6 km L\u00e4nge, vermutlich wegen der zahlreichen\nKinder am Start gew\u00e4hlt, die aber nicht vollst\u00e4ndig pr\u00e4pariert war. F\u00fcr die\nausgeschriebenen 15 km musste der Kringel 9x umrundet werden.<\/p>\n\n\n\n<p class=\"wp-block-paragraph\">Das Eis stellte f\u00fcr die Athleten auch beim Wachsen eine\nHerausforderung dar: das Wachs wollte nicht halten und war nach einer Runde\nweg. In Zeiten von Schuppen- und Fellski sind die alten Gewohnheiten in\nVergessenheit geraten. Der entscheidende Tipp war: Wachsbereich aufrauen, Skare\nm\u00f6glichst einb\u00fcgeln!<\/p>\n\n\n\n<p class=\"wp-block-paragraph\">Die Aufstellung des Teams war ebenfalls nicht optimal: unsere Besten vom Racing-Team hatten den Start bei der Tschechischen Skitour in Jelyman vorgezogen. Damit war die Titelausbeute nicht so, wie in den Vorjahren. Mit gro\u00dfem Einsatz wurde bei den widrigen Bedingungen aber mit 4 Titel ein vers\u00f6hnliches Ergebnis erreicht. Erfreulich unsere Damen: 2 Titel f\u00fcr Annegret. <\/p>\n\n\n\n<figure class=\"wp-block-image\"><img loading=\"lazy\" decoding=\"async\" width=\"1024\" height=\"859\" src=\"https:\/\/einheit-berliner-baer.de\/wp-content\/uploads\/2019\/03\/Anne_cl-1024x859.jpg\" alt=\"\" class=\"wp-image-560\" srcset=\"https:\/\/einheit-berliner-baer.de\/wp-content\/uploads\/2019\/03\/Anne_cl-1024x859.jpg 1024w, https:\/\/einheit-berliner-baer.de\/wp-content\/uploads\/2019\/03\/Anne_cl-300x252.jpg 300w, https:\/\/einheit-berliner-baer.de\/wp-content\/uploads\/2019\/03\/Anne_cl-768x644.jpg 768w, https:\/\/einheit-berliner-baer.de\/wp-content\/uploads\/2019\/03\/Anne_cl-1x1.jpg 1w, https:\/\/einheit-berliner-baer.de\/wp-content\/uploads\/2019\/03\/Anne_cl.jpg 1480w\" sizes=\"auto, (max-width: 1024px) 100vw, 1024px\" \/><\/figure>\n\n\n\n<p class=\"wp-block-paragraph\">Bei den Herren kamen wir durch die ungew\u00f6hnliche Altersklasseneinteilung H61, H65 und H71 ebenfalls mit 2 Siegen gut weg. Bei den Staffeln waren aber nur zwei 2. Pl\u00e4tze und ein 3. Platz drin. Der SC Pallas hatte den Jungbrunnen angezapft und gewann \u00fcberlegen. Die Ergebnisse:<\/p>\n\n\n\n<table class=\"wp-block-table\"><tbody><tr><td>Damen D51<\/td><td>5 km cl<\/td><td>1. Platz (Berliner Meister)<\/td><td>Annegret Birth<\/td><td>00:22:27<\/td><\/tr><tr><td><\/td><td><\/td><td>2. Platz<\/td><td>Britta K\u00f6nig-Winter<\/td><td>00:25:23<\/td><\/tr><tr><td><br><\/td><td><br><\/td><td>3. Platz<\/td><td>Birgit Thiele<\/td><td>00:27:16<\/td><\/tr><tr><td><\/td><td><\/td><td><\/td><td><\/td><td><\/td><\/tr><tr><td>Herren H51<\/td><td>15 km cl<\/td><td>2. Platz  <\/td><td>Klaus Winter<\/td><td>00:56:19<\/td><\/tr><tr><td><\/td><td><\/td><td>3. Platz <\/td><td>Sven Mittendorf<\/td><td>1:07:18,2<\/td><\/tr><tr><td><\/td><td><\/td><td><\/td><td><\/td><td><\/td><\/tr><tr><td>Herren H61<\/td><td>10 km cl<\/td><td>1. Platz (Berliner Meister) <\/td><td>Uwe Simon<\/td><td>00:41:34<\/td><\/tr><tr><td><\/td><td><\/td><td>2. Platz  <\/td><td>Hans Raschke<\/td><td>00:51:01<\/td><\/tr><tr><td><\/td><td><\/td><td><\/td><td><\/td><td><\/td><\/tr><tr><td>Herren H65<\/td><td>10 km cl<\/td><td>2. Platz  <\/td><td>Ulrich Franke<\/td><td>00:48:28<\/td><\/tr><tr><td><\/td><td><\/td><td><\/td><td><\/td><td><\/td><\/tr><tr><td>Herren H71<\/td><td>10 km cl<\/td><td>1. Platz (Berliner Meister) <\/td><td>Albrecht Fischer<\/td><td>00:50:51<\/td><\/tr><tr><td><\/td><td><\/td><td><\/td><td><\/td><td><\/td><\/tr><tr><td>Damen D51<\/td><td>5 km ft<\/td><td>1. Platz (Berliner Meister) <\/td><td>Annegret Birth<\/td><td>00:19:47<\/td><\/tr><tr><td><\/td><td><\/td><td><\/td><td><\/td><td><\/td><\/tr><tr><td>Herren H51<\/td><td>7,5 km ft<\/td><td>2. Platz  <\/td><td>Sven Mittendorf<\/td><td>00:28:36<\/td><\/tr><tr><td><\/td><td><\/td><td><\/td><td><\/td><td><\/td><\/tr><tr><td>Herren H61<\/td><td>7,5 km ft<\/td><td>2. Platz  <\/td><td>Albrecht Fischer<\/td><td>00:37:18<\/td><\/tr><tr><td><\/td><td><\/td><td><\/td><td><\/td><td><\/td><\/tr><tr><td>Staffel Damen <\/td><td>3&#215;5 km (cl,cl,ft)<\/td><td>2. Platz  <\/td><td>K\u00f6nig-Winter, Thiele, Birth<\/td><td>1:12:53,5<\/td><\/tr><tr><td>Staffel Herren <\/td><td>3&#215;5 km (cl,cl,ft)<\/td><td>2. Platz  <\/td><td>Winter, Raschke, Mittendorf  <\/td><td>00:54:55<\/td><\/tr><\/tbody><\/table>\n\n\n\n<figure class=\"wp-block-image\"><img loading=\"lazy\" decoding=\"async\" width=\"1024\" height=\"631\" src=\"https:\/\/einheit-berliner-baer.de\/wp-content\/uploads\/2019\/03\/Staffelergebnis-1024x631.jpg\" alt=\"\" class=\"wp-image-555\" srcset=\"https:\/\/einheit-berliner-baer.de\/wp-content\/uploads\/2019\/03\/Staffelergebnis-1024x631.jpg 1024w, https:\/\/einheit-berliner-baer.de\/wp-content\/uploads\/2019\/03\/Staffelergebnis-300x185.jpg 300w, https:\/\/einheit-berliner-baer.de\/wp-content\/uploads\/2019\/03\/Staffelergebnis-768x473.jpg 768w, https:\/\/einheit-berliner-baer.de\/wp-content\/uploads\/2019\/03\/Staffelergebnis-2x1.jpg 2w\" sizes=\"auto, (max-width: 1024px) 100vw, 1024px\" \/><figcaption>Staffelergebnis<\/figcaption><\/figure>\n\n\n\n<p class=\"wp-block-paragraph\">Aber auch als Rumpfteam hatten wir unseren Spa\u00df. Hans war\nuners\u00e4ttlich und lief 7 statt wie angesagt 6 Runden. Ulli freute sich einmal\nvor Hans im Ziel zu sein. Ja, wer den Schaden hat,&nbsp; \u2026..<\/p>\n\n\n\n<figure class=\"wp-block-image\"><img loading=\"lazy\" decoding=\"async\" width=\"1024\" height=\"873\" src=\"https:\/\/einheit-berliner-baer.de\/wp-content\/uploads\/2019\/03\/Hans-Runde-7-1024x873.jpg\" alt=\"\" class=\"wp-image-558\" srcset=\"https:\/\/einheit-berliner-baer.de\/wp-content\/uploads\/2019\/03\/Hans-Runde-7-1024x873.jpg 1024w, https:\/\/einheit-berliner-baer.de\/wp-content\/uploads\/2019\/03\/Hans-Runde-7-300x256.jpg 300w, https:\/\/einheit-berliner-baer.de\/wp-content\/uploads\/2019\/03\/Hans-Runde-7-768x655.jpg 768w, https:\/\/einheit-berliner-baer.de\/wp-content\/uploads\/2019\/03\/Hans-Runde-7-1x1.jpg 1w, https:\/\/einheit-berliner-baer.de\/wp-content\/uploads\/2019\/03\/Hans-Runde-7.jpg 1873w\" sizes=\"auto, (max-width: 1024px) 100vw, 1024px\" \/><figcaption>Hans in der 7. Runde<\/figcaption><\/figure>\n\n\n\n<p class=\"wp-block-paragraph\">F\u00fcr das n\u00e4chste Jahr hoffe ich auf eine professionellere Loipengestaltung seitens des Veranstalters und, dass die B\u00e4ren wieder mit einer kompletten Mannschaft antreten werden. <\/p>\n\n\n\n<p class=\"wp-block-paragraph\">Uwe Ruppin<\/p>\n\n\n\n<p class=\"wp-block-paragraph\">Die kompletten <a aria-label=\"Ergebnisse (\u00f6ffnet in neuem Tab)\" href=\"https:\/\/www.skiverband-berlin.de\/images\/documents\/Ergebnisse\/2019bmnerg.pdf\" target=\"_blank\" rel=\"noreferrer noopener\">Ergebnisse<\/a> der Berliner Meisterschaften finden sich auf den Seiten des Berliner Skiverbandes.<\/p>\n","protected":false},"excerpt":{"rendered":"<p>Die \u00e4u\u00dferen Bedingungen waren spektakul\u00e4r: am Vortag (Freitag) ausgiebiger Regen, nachts -8 \u1d3cC. Das ergab eine \u201ebetonharte\u201c Eispiste. Dazu eine Loipe von 1,6 km L\u00e4nge, vermutlich wegen der zahlreichen Kinder am Start gew\u00e4hlt, die aber nicht vollst\u00e4ndig pr\u00e4pariert war. F\u00fcr die ausgeschriebenen 15 km musste der Kringel 9x umrundet werden. Das Eis stellte f\u00fcr die [&hellip;]<\/p>\n","protected":false},"author":3,"featured_media":0,"comment_status":"open","ping_status":"closed","sticky":false,"template":"","format":"standard","meta":{"_crdt_document":"","footnotes":""},"categories":[8],"tags":[],"class_list":["post-529","post","type-post","status-publish","format-standard","hentry","category-news"],"_links":{"self":[{"href":"https:\/\/einheit-berliner-baer.de\/index.php\/wp-json\/wp\/v2\/posts\/529","targetHints":{"allow":["GET"]}}],"collection":[{"href":"https:\/\/einheit-berliner-baer.de\/index.php\/wp-json\/wp\/v2\/posts"}],"about":[{"href":"https:\/\/einheit-berliner-baer.de\/index.php\/wp-json\/wp\/v2\/types\/post"}],"author":[{"embeddable":true,"href":"https:\/\/einheit-berliner-baer.de\/index.php\/wp-json\/wp\/v2\/users\/3"}],"replies":[{"embeddable":true,"href":"https:\/\/einheit-berliner-baer.de\/index.php\/wp-json\/wp\/v2\/comments?post=529"}],"version-history":[{"count":8,"href":"https:\/\/einheit-berliner-baer.de\/index.php\/wp-json\/wp\/v2\/posts\/529\/revisions"}],"predecessor-version":[{"id":561,"href":"https:\/\/einheit-berliner-baer.de\/index.php\/wp-json\/wp\/v2\/posts\/529\/revisions\/561"}],"wp:attachment":[{"href":"https:\/\/einheit-berliner-baer.de\/index.php\/wp-json\/wp\/v2\/media?parent=529"}],"wp:term":[{"taxonomy":"category","embeddable":true,"href":"https:\/\/einheit-berliner-baer.de\/index.php\/wp-json\/wp\/v2\/categories?post=529"},{"taxonomy":"post_tag","embeddable":true,"href":"https:\/\/einheit-berliner-baer.de\/index.php\/wp-json\/wp\/v2\/tags?post=529"}],"curies":[{"name":"wp","href":"https:\/\/api.w.org\/{rel}","templated":true}]}}