{"id":591,"date":"2019-09-18T18:32:33","date_gmt":"2019-09-18T18:32:33","guid":{"rendered":"https:\/\/einheit-berliner-baer.de\/?p=591"},"modified":"2019-09-18T18:32:33","modified_gmt":"2019-09-18T18:32:33","slug":"seiffen-ist-immer-eine-reise-wert","status":"publish","type":"post","link":"https:\/\/einheit-berliner-baer.de\/index.php\/2019\/09\/18\/seiffen-ist-immer-eine-reise-wert\/","title":{"rendered":"Seiffen \u2013 ist immer eine Reise wert"},"content":{"rendered":"\n<p class=\"wp-block-paragraph\">Am 29. und 30.Juni war es wieder mal soweit. Frank und Bettina von der Sportwelt Preussler haben zu den Rollski-Bergl\u00e4ufen nach Seiffen eingeladen.<\/p>\n\n\n\n<p class=\"wp-block-paragraph\">Dabei standen am Samstag die Rennen der Klassiker auf dem Programm w\u00e4hrend am Sonntag dann die Skatingfreunde zum Zug kamen. Gleichzeitig wurde hier dann die Deutsche Rollski-Bergmeisterschaft ausgetrag<strong>en.<\/strong><\/p>\n\n\n\n<p class=\"wp-block-paragraph\">Das Wetter war nicht nur sommerlich prognostiziert, es zeigte sich gegen\u00fcber dem Vorjahr von der besten Seite.<strong> <\/strong><\/p>\n\n\n\n<p class=\"wp-block-paragraph\">Meine Anreise erfolgte schon wie in den Vorjahren am Freitagabend.\u00a0 So konnte ich ausgeruht und ohne Stress mich auf den Lauf am Nachmittag vorbereiten.<\/p>\n\n\n\n<p class=\"wp-block-paragraph\">Aber irgendwie schien es nicht mein Tag zu werden. Erst wurden die Schuhe im Hotel vergessen (zum Gl\u00fcck noch rechtzeitig gemerkt) und dann stieg ich zun\u00e4chst in den Bus ohne Skiroller. Die Sportfreunde machten mich darauf aufmerksam, dass es ein Rollskirennen sein wird.<\/p>\n\n\n\n<p class=\"wp-block-paragraph\">Nachdem die Starter des Hauptlaufes bei uns vorbei kamen ging es auch f\u00fcr uns Senioren und den Jugendlichen los. Bis zur Kirche war ich mit den Jugendlichen mitgelaufen, das sollte sich r\u00e4chen, weil ich damit wohl ein wenig zu schnell angegangen bin. <\/p>\n\n\n\n<figure class=\"wp-block-image\"><img loading=\"lazy\" decoding=\"async\" width=\"768\" height=\"1024\" src=\"https:\/\/einheit-berliner-baer.de\/wp-content\/uploads\/2019\/09\/04E7922F-7C8B-4CEE-9C04-4C784D6CCE88-768x1024.jpeg\" alt=\"\" class=\"wp-image-593\" srcset=\"https:\/\/einheit-berliner-baer.de\/wp-content\/uploads\/2019\/09\/04E7922F-7C8B-4CEE-9C04-4C784D6CCE88-768x1024.jpeg 768w, https:\/\/einheit-berliner-baer.de\/wp-content\/uploads\/2019\/09\/04E7922F-7C8B-4CEE-9C04-4C784D6CCE88-225x300.jpeg 225w, https:\/\/einheit-berliner-baer.de\/wp-content\/uploads\/2019\/09\/04E7922F-7C8B-4CEE-9C04-4C784D6CCE88-1x1.jpeg 1w, https:\/\/einheit-berliner-baer.de\/wp-content\/uploads\/2019\/09\/04E7922F-7C8B-4CEE-9C04-4C784D6CCE88.jpeg 1200w\" sizes=\"auto, (max-width: 768px) 100vw, 768px\" \/><\/figure>\n\n\n\n<p class=\"wp-block-paragraph\">Mit gro\u00dfer M\u00fche hatte ich dann das Ziel noch als Klassenzweiter erreicht. Bis zur Siegerehrung hatte man dann die Zeit sich mit einigen Sportfreunden auszutauschen \u00fcber das Rennen und \u00fcber zuk\u00fcnftige Rennen.<\/p>\n\n\n\n<p class=\"wp-block-paragraph\">Am Sonntag gingen die Rennen schon gegen 10 Uhr los.<\/p>\n\n\n\n<p class=\"wp-block-paragraph\">Vom Vortag etwas gel\u00e4utert, habe ich mich ein wenig intensiver aufgew\u00e4rmt und bin dann im flachen Teil nicht ganz so schnell mit angegangen. Das zeichnete sich sp\u00e4ter positiv aus. Als es in die Berge ging, konnte ich den einen oder anderen Sportfreund wieder einholen und dann hinter mir lassen. Am Ende hatte ich meine Klasse klar gewonnen. Neben dem ersten Platz gab es einen sch\u00f6nen Lichterbogen aus dem Erzgebirge als Siegerpreis.<\/p>\n\n\n\n<p class=\"wp-block-paragraph\">Seiffen ist immer eine Reise wert, weil Frank und Bettina diese Wettk\u00e4mpfe hervorragend organisieren und die Preise f\u00fcr die jeweils Erstplatzierten sind immer von hoher G\u00fcte.<\/p>\n\n\n\n<p class=\"wp-block-paragraph\">Es w\u00e4re sicherlich besser gewesen, wenn wir als Myroller Racing-Team mit mehreren Sportlern angetreten w\u00e4ren, aber selbst ein 1. Und ein 2.Platz kann sich sehen lassen.<\/p>\n\n\n\n<figure class=\"wp-block-image\"><img loading=\"lazy\" decoding=\"async\" width=\"768\" height=\"1024\" src=\"https:\/\/einheit-berliner-baer.de\/wp-content\/uploads\/2019\/09\/03F11CB1-D2CD-468A-BD2F-A3AA60F5262F-768x1024.jpeg\" alt=\"\" class=\"wp-image-592\" srcset=\"https:\/\/einheit-berliner-baer.de\/wp-content\/uploads\/2019\/09\/03F11CB1-D2CD-468A-BD2F-A3AA60F5262F-768x1024.jpeg 768w, https:\/\/einheit-berliner-baer.de\/wp-content\/uploads\/2019\/09\/03F11CB1-D2CD-468A-BD2F-A3AA60F5262F-225x300.jpeg 225w, https:\/\/einheit-berliner-baer.de\/wp-content\/uploads\/2019\/09\/03F11CB1-D2CD-468A-BD2F-A3AA60F5262F-1x1.jpeg 1w, https:\/\/einheit-berliner-baer.de\/wp-content\/uploads\/2019\/09\/03F11CB1-D2CD-468A-BD2F-A3AA60F5262F.jpeg 1200w\" sizes=\"auto, (max-width: 768px) 100vw, 768px\" \/><\/figure>\n\n\n\n<p class=\"wp-block-paragraph\">Seiffen ist auch im Winter eine Reise wert. Die Sportwelt Preussler richtet so schon seit Jahren die Landesmeisterschaften Brandenburg mit aus. Dieser Termin ist in der Regel Ende Januar. Der Berliner Skiverband sollte sich ernsthaft \u00fcberlegen, ob dies nicht eine sinnvolle L\u00f6sung w\u00e4re unsere zunehmend k\u00fcmmerlich wirkende Meisterschaft in Klingenthal\/M\u00fchlleithen dorthin zu verlagern. Von uns Sportfreunden wurde das jetzt schon mehrfach angeregt. Wir wissen von unseren Partnern, dass Sie diesbez\u00fcglich dem Berliner Landesskiverband die guten M\u00f6glichkeiten offeriert haben und Unterst\u00fctzung zugesagt haben. <\/p>\n\n\n\n<p class=\"wp-block-paragraph\">Ich denke, es ist an der Zeit, diesen neuen Weg zu gehen. <\/p>\n","protected":false},"excerpt":{"rendered":"<p>Am 29. und 30.Juni war es wieder mal soweit. Frank und Bettina von der Sportwelt Preussler haben zu den Rollski-Bergl\u00e4ufen nach Seiffen eingeladen. Dabei standen am Samstag die Rennen der Klassiker auf dem Programm w\u00e4hrend am Sonntag dann die Skatingfreunde zum Zug kamen. Gleichzeitig wurde hier dann die Deutsche Rollski-Bergmeisterschaft ausgetragen. Das Wetter war nicht [&hellip;]<\/p>\n","protected":false},"author":3,"featured_media":0,"comment_status":"closed","ping_status":"closed","sticky":false,"template":"","format":"standard","meta":{"_crdt_document":"","footnotes":""},"categories":[8],"tags":[],"class_list":["post-591","post","type-post","status-publish","format-standard","hentry","category-news"],"_links":{"self":[{"href":"https:\/\/einheit-berliner-baer.de\/index.php\/wp-json\/wp\/v2\/posts\/591","targetHints":{"allow":["GET"]}}],"collection":[{"href":"https:\/\/einheit-berliner-baer.de\/index.php\/wp-json\/wp\/v2\/posts"}],"about":[{"href":"https:\/\/einheit-berliner-baer.de\/index.php\/wp-json\/wp\/v2\/types\/post"}],"author":[{"embeddable":true,"href":"https:\/\/einheit-berliner-baer.de\/index.php\/wp-json\/wp\/v2\/users\/3"}],"replies":[{"embeddable":true,"href":"https:\/\/einheit-berliner-baer.de\/index.php\/wp-json\/wp\/v2\/comments?post=591"}],"version-history":[{"count":1,"href":"https:\/\/einheit-berliner-baer.de\/index.php\/wp-json\/wp\/v2\/posts\/591\/revisions"}],"predecessor-version":[{"id":594,"href":"https:\/\/einheit-berliner-baer.de\/index.php\/wp-json\/wp\/v2\/posts\/591\/revisions\/594"}],"wp:attachment":[{"href":"https:\/\/einheit-berliner-baer.de\/index.php\/wp-json\/wp\/v2\/media?parent=591"}],"wp:term":[{"taxonomy":"category","embeddable":true,"href":"https:\/\/einheit-berliner-baer.de\/index.php\/wp-json\/wp\/v2\/categories?post=591"},{"taxonomy":"post_tag","embeddable":true,"href":"https:\/\/einheit-berliner-baer.de\/index.php\/wp-json\/wp\/v2\/tags?post=591"}],"curies":[{"name":"wp","href":"https:\/\/api.w.org\/{rel}","templated":true}]}}