{"id":598,"date":"2019-11-04T15:12:26","date_gmt":"2019-11-04T15:12:26","guid":{"rendered":"https:\/\/einheit-berliner-baer.de\/?p=598"},"modified":"2019-11-04T15:12:26","modified_gmt":"2019-11-04T15:12:26","slug":"martin-horn","status":"publish","type":"post","link":"https:\/\/einheit-berliner-baer.de\/index.php\/2019\/11\/04\/martin-horn\/","title":{"rendered":"Martin Horn"},"content":{"rendered":"\n<p class=\"wp-block-paragraph\">Am 24.10.2019 verstarb unser langj\u00e4hriger 2. Vorsitzender Sportfreund Martin Horn nach l\u00e4ngerer Krankheit. <\/p>\n\n\n\n<p class=\"wp-block-paragraph\">Wir w\u00fcnschen seiner Frau und den Angeh\u00f6rigen viel Kraft f\u00fcr die Zukunft. Martin wird uns nicht nur wegen seinem Engagement sondern auch f\u00fcr viele gemeinsame sportliche Aktivit\u00e4ten in Erinnerung bleiben.<\/p>\n\n\n\n<p class=\"wp-block-paragraph\">Ruhe sanft. <\/p>\n","protected":false},"excerpt":{"rendered":"<p>Am 24.10.2019 verstarb unser langj\u00e4hriger 2. Vorsitzender Sportfreund Martin Horn nach l\u00e4ngerer Krankheit. Wir w\u00fcnschen seiner Frau und den Angeh\u00f6rigen viel Kraft f\u00fcr die Zukunft. Martin wird uns nicht nur wegen seinem Engagement sondern auch f\u00fcr viele gemeinsame sportliche Aktivit\u00e4ten in Erinnerung bleiben. Ruhe sanft.<\/p>\n","protected":false},"author":3,"featured_media":0,"comment_status":"closed","ping_status":"closed","sticky":false,"template":"","format":"standard","meta":{"_crdt_document":"","footnotes":""},"categories":[8],"tags":[],"class_list":["post-598","post","type-post","status-publish","format-standard","hentry","category-news"],"_links":{"self":[{"href":"https:\/\/einheit-berliner-baer.de\/index.php\/wp-json\/wp\/v2\/posts\/598","targetHints":{"allow":["GET"]}}],"collection":[{"href":"https:\/\/einheit-berliner-baer.de\/index.php\/wp-json\/wp\/v2\/posts"}],"about":[{"href":"https:\/\/einheit-berliner-baer.de\/index.php\/wp-json\/wp\/v2\/types\/post"}],"author":[{"embeddable":true,"href":"https:\/\/einheit-berliner-baer.de\/index.php\/wp-json\/wp\/v2\/users\/3"}],"replies":[{"embeddable":true,"href":"https:\/\/einheit-berliner-baer.de\/index.php\/wp-json\/wp\/v2\/comments?post=598"}],"version-history":[{"count":1,"href":"https:\/\/einheit-berliner-baer.de\/index.php\/wp-json\/wp\/v2\/posts\/598\/revisions"}],"predecessor-version":[{"id":599,"href":"https:\/\/einheit-berliner-baer.de\/index.php\/wp-json\/wp\/v2\/posts\/598\/revisions\/599"}],"wp:attachment":[{"href":"https:\/\/einheit-berliner-baer.de\/index.php\/wp-json\/wp\/v2\/media?parent=598"}],"wp:term":[{"taxonomy":"category","embeddable":true,"href":"https:\/\/einheit-berliner-baer.de\/index.php\/wp-json\/wp\/v2\/categories?post=598"},{"taxonomy":"post_tag","embeddable":true,"href":"https:\/\/einheit-berliner-baer.de\/index.php\/wp-json\/wp\/v2\/tags?post=598"}],"curies":[{"name":"wp","href":"https:\/\/api.w.org\/{rel}","templated":true}]}}